{"id":105833,"date":"2026-02-18T01:10:10","date_gmt":"2026-02-18T01:10:10","guid":{"rendered":"https:\/\/miamistudios.gr\/studios\/?p=105833"},"modified":"2026-02-18T01:10:10","modified_gmt":"2026-02-18T01:10:10","slug":"a-gc-vegso-allasa-a-2023-as-vuelta-a-espanan","status":"publish","type":"post","link":"https:\/\/miamistudios.gr\/studios\/a-gc-vegso-allasa-a-2023-as-vuelta-a-espanan\/","title":{"rendered":"A GC v\u00e9gs\u0151 \u00e1ll\u00e1sa a 2023-as Vuelta a Espa\u00f1\u00e1n"},"content":{"rendered":"<div id=\"toc\" style=\"background: #f9f9f9;border: 1px solid #aaa;display: table;margin-bottom: 1em;padding: 1em;width: 350px;\">\n<p class=\"toctitle\" style=\"font-weight: 700;text-align: center;\">Blogok<\/p>\n<ul class=\"toc_list\">\n<li><a href=\"#toc-0\">10bet prom\u00f3ci\u00f3s k\u00f3d &#8211; 10. szakasz \u2013 Sendaviva \u2192 Larra-Belagua (kedd 09\/ \u00b7 175. l\u00e9p\u00e9s 3 km \u00b7 Apartman felfel\u00e9 d\u00f6nt\u0151vel<\/a><\/li>\n<li><a href=\"#toc-1\">21. szakasz &#8211; Carrefour Granada&gt;Granada &#8211; 2009. 13. &#8211; 99 km &#8211; Apartman<\/a><\/li>\n<\/ul>\n<\/div>\n<p>Ausztr\u00e1li\u00e1ban az SBS lehet\u0151s\u00e9get k\u00edn\u00e1l a Vuelta an great Espa\u00f1a versenyre, ahol minden fokozat az SBS Viceland \u00e9s az SBS To your Demand 100%-ban ingyenes streaming rendszer\u00e9be ker\u00fcl. Tov\u00e1bbi forr\u00e1sok\u00e9rt az \u00faj szakaszhoz tekintse meg a 21. szakasz el\u0151zetes\u00e9t, \u00e9s n\u00e9zze meg \u00e9l\u0151ben a jelent\u00e9s\u00fcnket. A p\u00e1lya Lisszabonban kezd\u0151dik, \u00e9s egym\u00e1s nemzetei k\u00f6z\u00f6tt halad, miel\u0151tt Madridban \u00e9rne c\u00e9lba. \u00cdme a 2024-es Vuelta an great Espa\u00f1a, a Spanyolorsz\u00e1gb\u00f3l kivezet\u0151 leg\u00fajabb kir\u00e1ndul\u00e1s teljes menetrendje. <!--more--> Sepp Kuss megpr\u00f3b\u00e1lja megv\u00e9deni Vuelta an great Espa\u00f1a c\u00edm\u00e9t a ker\u00e9kp\u00e1ros Grand Tour harmadik l\u00e9p\u00e9sek\u00e9nt, amely augusztus 17-\u00e9n kezd\u0151dik Portug\u00e1li\u00e1ban, \u00e9s h\u00e1rom h\u00f3nappal k\u00e9s\u0151bb Madridba, Spanyolorsz\u00e1gba vezet. Visma vezette az \u00faj mez\u0151nyt egy \u00fajabb 90-es k\u00f6rgy\u0171r\u0171n, mind\u00f6ssze 4 km-rel a c\u00e9lig.<\/p>\n<h2 id=\"toc-0\">10bet prom\u00f3ci\u00f3s k\u00f3d &#8211; 10. szakasz \u2013 Sendaviva \u2192 Larra-Belagua (kedd 09\/ \u00b7 175. l\u00e9p\u00e9s 3 km \u00b7 Apartman felfel\u00e9 d\u00f6nt\u0151vel<\/h2>\n<p>Ez Pedersen k\u00f6vetkez\u0151 Grand Concert turn\u00e9j\u00e1nak term\u00e9kkateg\u00f3ri\u00e1ja a <a href=\"https:\/\/fogadas-sport.com\/10bet\/\">10bet prom\u00f3ci\u00f3s k\u00f3d<\/a> szezonban, amit senki sem \u00e9rt el Laurent Jalabert 1995-\u00f6s \u00e9v\u00e9ben. Jonas Vingeard egy piros mezt \u00edr al\u00e1 a szakasz elej\u00e9n. A nyolc versenyz\u0151b\u0151l \u00e1ll\u00f3 teljes fel\u00e1ll\u00e1s \u00e1tvette az ir\u00e1ny\u00edt\u00e1st, Mads Pedersen t\u00fcnd\u00f6k\u00f6l a z\u00f6ld mezben, amit szinte az eg\u00e9sz verseny alatt viselt. Most a Visma-Lease motorker\u00e9kp\u00e1rral a saj\u00e1t mez\u0151ny \u00e9l\u00e9n \u00e1llhatnak, eml\u00e9kezve Vingeard \u00f6sszeredm\u00e9ny\u00e9re. Egyedi fekete-piros mezben p\u00f3zolnak, amit eg\u00e9sz nap viseltek.<\/p>\n<p>A Peacock hajlamos az eg\u00e9sz versenyt lefedni, amir\u0151l vas\u00e1rnapi sajt\u00f3t\u00e1j\u00e9koztat\u00f3n is besz\u00e1moltak a CNBC-n. Roglic az egyetlen szlov\u00e9n, aki valaha megnyerte az \u00faj Vuelt\u00e1t. Nyeres\u00e9gbeli k\u00fcl\u00f6nbs\u00e9ge, 4 perccel \u00e9s mind\u00f6ssze 42 m\u00e1sodperccel t\u00f6bb, mint Enric Mas, a legnagyobb k\u00fcl\u00f6nbs\u00e9g a huszonn\u00e9gy \u00e9v elej\u00e9n \u00e9s m\u00e1sodik helyezettje, amikor Alex Z\u00fclle \u00f6t teljes perccel el\u0151r\u00e9bb vitte Fernando Escartint. Az \u00faj Vuelt\u00e1t el\u0151sz\u00f6r 1935-ben rendezt\u00e9k meg, de n\u00e9h\u00e1ny \u00e9vvel k\u00e9s\u0151bb a kor\u00e1bbi pr\u00f3b\u00e1lkoz\u00e1sokat f\u00e9lbeszak\u00edtotta az \u00faj nyelvi v\u00e1rosi h\u00e1bor\u00fa.<\/p>\n<ul>\n<li>Ma Van Aert nem tudott k\u00e9tszeres korongoz\u00e1ssal helyt\u00e1llni, mi\u00f3ta az olimpi\u00e1r\u00f3l c\u00edmlapokra ker\u00fclt.<\/li>\n<li>Wout van Aert megtartotta az \u00faj, egyenes vezet\u0151 hely\u00e9t az \u00fajdons\u00fclt p\u00e1ly\u00e1k kateg\u00f3ri\u00e1j\u00e1ban, valamint a saj\u00e1t lejt\u0151id kir\u00e1lya verseny\u00e9ben is.<\/li>\n<li>Miut\u00e1n 10 emelked\u0151n be\u00e9rt\u00e9l, sz\u00e1m\u00edts egy bevezet\u0151 nagy t\u00faraszakasz-nyeres\u00e9gre.<\/li>\n<li>Jonas Vingeard \u00e1tszervezte az \u00faj GC-szerz\u0151d\u00e9st azzal, hogy elt\u00e1volodott a megsz\u00e1ll\u00e1st\u00f3l, hogy seg\u00edtsen neked a 16. szakaszon a gy\u0151zelmet Bejesnek, Finn Fisher-Black (UAE Team Emirates) \u00e9s Wout Poels (Bahrein gy\u0151ztese) el\u0151tt.<\/li>\n<li>Adam Yates \u00e9s Brandon McNulty is k\u00f6zvetlen\u00fcl az \u00faj csapatb\u00f3l csatlakoztak.<\/li>\n<\/ul>\n<p>Roglic lelkesen fogja megtakar\u00edtani a kamatot, \u00e9s t\u00f6bb \u00f3r\u00e1t fog adni a GC sr\u00e1coknak, de \u00e9rdekes lesz l\u00e1tni, hogy valaki val\u00f3ban hajland\u00f3-e egy\u00fcttm\u0171k\u00f6dni, hogy a ti\u00e9d legyen. Roglic, Mas \u00e9s Van Eetvelt k\u00f6zvetlen\u00fcl az utols\u00f3 3 km-es \u00faj csat\u00e1b\u00f3l ind\u00edtja Felix Gallt. Melyik kvartett szor\u00edtja be a f\u00e9rfiakat, p\u00e9ld\u00e1ul Adam Yates-t \u00e9s Sepp Kusst, akiket az emelked\u0151 legmeredekebb szakasz\u00e1n t\u00e1vol tartottak, de ezt magatok fogj\u00e1tok \u00e1tszervezni, am\u00edg a lejt\u0151 enyh\u00fcl? A friss, v\u00e9kony aut\u00f3p\u00e1lya nem igaz\u00e1n seg\u00edti a t\u00e9v\u00e9s motoros k\u00f6zvet\u00edt\u00e9st, de l\u00e1thatjuk, hogy Mas \u00e9s Lennert Van Eetvelt az egyetlenek, akik k\u00e9pesek \u00fcld\u00f6zni Roglicot, aki ugyan\u00fagy h\u00fazza \u0151t, mint Gallt&#8230; Armirail \u00e9s Castrillo a meredek, betonos fel\u00fcleten lend\u00fclnek tov\u00e1bb, azon a helyen, ahol a lejt\u0151 16%-ra emelkedik.<\/p>\n<p><img decoding=\"async\" src=\"https:\/\/www.thelines.com\/wp-content\/uploads\/2019\/01\/SportsBettingNBC.png\" alt=\"10bet prom\u00f3ci\u00f3s k\u00f3d\" align=\"left\" border=\"0\"><\/p>\n<p>Rogli\u010d szerepl\u00e9se tov\u00e1bbra sem tiszt\u00e1zott, de f\u00fcggetlen\u00fcl att\u00f3l, hogy rajthoz \u00e1ll-e vagy sem, az \u00faj Vuelta szakma nem lesz h\u00edj\u00e1n a k\u00f6z\u00f6s jegyeknek. A valaha volt legmagasabb sz\u00e1m\u00fa dobog\u00f3s \u00e9s bajnok k\u00f6z\u00f6tt, akik ugyanazon a Vuelt\u00e1n ism\u00e9t felsorakoztak, alig kevesebb, mint f\u00e9l tucat kor\u00e1bbi bajnok t\u0171nik ott lennie. Rogli\u010d Alejandro Valverde (2009), Vincenzo Nibali (2010), Chris Froome (2011, 2017), Nairo Quintana (2016) \u00e9s Simon Yates (2018) miatt ker\u00fcl be a mez\u0151nybe.<\/p>\n<p>Csatlakozni fog hozz\u00e1 az Eddie Dunbar, aki a Trip el\u0151tt s\u00e9r\u00fclt meg, \u00e9s Chris Harper, a Giro szakaszbajnoka is. Miut\u00e1n a Trip de France elej\u00e9n feladta a kulcscsontt\u00f6r\u00e9s\u00e9t, Jasper Philipsen a Grand Tripben indul, hogy megel\u0151zze az Alpecin-Deceunincket a Vuelt\u00e1n. A sr\u00e1c egy vezet\u0151 tan\u00e1rral indul, hogy meger\u0151s\u00edtse a k\u00f6zel h\u00e1rom szakaszgy\u0151zelm\u00e9t. Ma m\u00e1r csak \u00f6t versenyz\u0151 \u00e1ll az \u00e9len, amikor a nap leg\u00fajabb emelked\u0151j\u00e9re indulunk. A verseny \u00e9llovasa, Ben O&#39;Connor t\u00f6rli a Facebook-fi\u00f3kj\u00e1t, mert &quot;el\u00e9gem van m\u00e1sok v\u00e9lem\u00e9ny\u00e9b\u0151l&quot;.<\/p>\n<h2 id=\"toc-1\">21. szakasz &#8211; Carrefour Granada&gt;Granada &#8211; 2009. 13. &#8211; 99 km &#8211; Apartman<\/h2>\n<p>A friss spanyol versenyz\u0151 val\u00f3sz\u00edn\u0171leg egy kicsit t\u00falz\u00e1sba vitte a versenyt. Nem meglep\u0151, hogy van Aert el\u00e9ri a versenyben a megengedett mennyis\u00e9get. De nem, az \u00faj belga versenyz\u0151 tal\u00e1n ink\u00e1bb egy korai t\u00e1mad\u00e1st v\u00e1laszt, ha meg akarja v\u00e9deni mag\u00e1t a tehets\u00e9gesebb m\u00e1sz\u00f3kt\u00f3l. Sok er\u0151s m\u00e1sz\u00f3 van ebben a kateg\u00f3ri\u00e1ban, Vine \u00e9s Soler, az Egyes\u00fclt Arab Em\u00edrs\u00e9gekbeliek kiv\u00e9tel\u00e9vel. Az \u00faj verseny Le\u00f3n \u00faj telep\u00fcl\u00e9s\u00e9re, Kaszt\u00edlia \u00e9s Le\u00f3n f\u00fcggetlen k\u00f6z\u00f6ss\u00e9g\u00e9nek ter\u00fclet\u00e9re \u00e9rkezik.<\/p>\n<p><img decoding=\"async\" src=\"https:\/\/www.legitgamblingsites.com\/wp-content\/uploads\/2018\/04\/sport-bet1-1024x499.jpg\" alt=\"10bet prom\u00f3ci\u00f3s k\u00f3d\" border=\"1\" align=\"left\"><\/p>\n<p>Adam Yates \u00e9s Brandon McNulty is k\u00f6zel \u00e1llnak az \u00e9lhez az \u00faj mez\u0151nyt\u0151l t\u00e1vol. Az \u00edr gy\u0151ztes, Darren Rafferty kisz\u00e1ll, hogy seg\u00edtsen Richard Carapaznak a h\u00edrn\u00e9v megszerz\u00e9s\u00e9ben. Tao Geoghegan Hart \u00e9s Mattias Skjelmose j\u00f3l szervezettek az \u00e9len, a Soudal-QuickStep pedig Mikel Landa hely\u00e9re l\u00e9pett. A Red Bull most el\u0151sz\u00f6r biztos\u00edt \u00fcres vezet\u00e9st a saj\u00e1t mez\u0151ny\u00e9nek. Az \u00faj mez\u0151ny folyamatosan fogy, mik\u00f6zben a nyom\u00e1s egyre n\u0151 a leg\u00fajabb mez\u0151nyben, hogy egyenesen lefel\u00e9 haladjanak a Pico Villuercas hegy\u00e9r\u0151l.<\/p>\n<p>Fel kell \u00e1llnod, amit meg kell tenned ezen az egy\u00e9bk\u00e9nt s\u00edk p\u00e1ly\u00e1n, \u00e9s a t\u00f6r\u00e9s mostan\u00e1ban elkezdett emelkedni. Ez egy k\u00f6r\u00fclbel\u00fcl h\u00e1rom f\u0151s kateg\u00f3ria, \u00e9s ez fogja meghat\u00e1rozni az idei verseny els\u0151 hegyi mez\u00e9nek visel\u0151j\u00e9t. A teljes versenyz\u0151knek, most m\u00e1r csak a sikeren m\u00falik, \u00e9s el kell ker\u00fclni\u00fck a baleseteket &#8211; \u00e9s ez, figyelembe v\u00e9ve a nap eddigi nyugalm\u00e1t, m\u00e9g nem jelentett fenyeget\u00e9st probl\u00e9mak\u00e9nt. Valami kock\u00e1zatosabb lehet, ha a verseny felpezsd\u00fcl a verseny ut\u00e1n, de nem a t\u00f6megverseny v\u00e1rakoz\u00e1s\u00e1ban.<\/p>\n<p>A nagyj\u00e1b\u00f3l egy percre l\u00e9v\u0151 boxutc\u00e1ban Alpecin m\u00e1r \u00e1tvette az ir\u00e1ny\u00edt\u00e1st a saj\u00e1t mez\u0151ny el\u0151tt. A szakaszgy\u0151zelem \u00faj, \u00e9rz\u00e9ki favoritj\u00e1t, Jasper Philipsent \u0151rzi, \u00e9s mindent megtesznek, hogy elk\u00fcldj\u00e9k. Az \u00faj EF-versenyz\u0151 nem mozdult el, \u00e9s a mez\u0151ny egyetlen hossz\u00fa sorban rep\u00fcl egym\u00e1ssal. \u00dagy t\u0171nik, val\u00f3ban harc lesz a reped\u00e9s\u00e9rt, annak ellen\u00e9re, hogy az \u00faj szakasz val\u00f3sz\u00edn\u0171leg v\u00e9get \u00e9r a bar\u00e1tok verseny\u00e9ben. Egy viszonylag s\u00edk szakasz, mind\u00f6ssze egyetlen kategoriz\u00e1lt emelked\u0151vel a 186,1 km-es Torin\u00f3b\u00f3l indul\u00f3 \u00fatvonalon, amely Novara fel\u00e9 vezet, ahol egy j\u00f3 sz\u00e1guld\u00e1s v\u00e1rhat\u00f3.<\/p>\n<p><img decoding=\"async\" src=\"https:\/\/pictures.ozy.com\/pictures\/600x337\/6\/7\/8\/124678_h_15029407.jpg\" alt=\"10bet prom\u00f3ci\u00f3s k\u00f3d\" align=\"right\" border=\"0\"><\/p>\n<p>A leg\u00fajabb francia ruh\u00e1k tal\u00e1n az idei Vuelta a good Espa\u00f1\u00e1n szeretn\u00e9k \u00e9rt\u00e9kelni az \u00f6sszes fontos UCI dolgot, hogy kiker\u00fcljenek a kies\u0151z\u00f3n\u00e1b\u00f3l az \u00faj WorldTour \u00e9rt\u00e9kel\u00e9sekben. A t\u00fcntet\u0151k a Paseo de los angeles Castellan\u00e1ban pihennek, azon a ter\u00fcleten, ahol a mostani szakaszpr\u00f3b\u00e1nak kellett volna lennie. Megbesz\u00e9l\u00e9seket tal\u00e1lhatsz a rend\u0151r\u00f6k \u00e9s n\u00e9h\u00e1ny \u00faj motoros k\u00f6z\u00f6tt. Sok m\u00e1s verseny is megrendez\u00e9sre ker\u00fclt m\u00e1r, mint p\u00e9ld\u00e1ul a Concert tour F\u00e9minin de l&#39;Ardeche, a Grand Prix Stuttgart &amp; Region \u00e9s a Los Angeles Choralis Fourmies F\u00e9minine, amelyek mindegyike nemr\u00e9giben \u00e9rt v\u00e9get. Miel\u0151tt a ker\u00e9kp\u00e1roz\u00e1s t\u00f6bbet vett el az elit \u00e9let\u00e9n\u00e9l, az ipar\u00e1g vezet\u0151 anglik\u00e1n lapj\u00e1ban egyh\u00e1zi \u00fcgyeket \u00e9s a Business Insiderben politik\u00e1t v\u00e9dte.<\/p>\n","protected":false},"excerpt":{"rendered":"<p>Blogok 10bet prom\u00f3ci\u00f3s k\u00f3d &#8211; 10. szakasz \u2013 Sendaviva \u2192 Larra-Belagua (kedd 09\/ \u00b7 175. l\u00e9p\u00e9s 3 km \u00b7 Apartman felfel\u00e9 d\u00f6nt\u0151vel 21. szakasz &#8211; Carrefour Granada&gt;Granada &#8211; 2009. 13. &#8211; 99 km &#8211; Apartman Ausztr\u00e1li\u00e1ban az SBS lehet\u0151s\u00e9get k\u00edn\u00e1l a Vuelta an great Espa\u00f1a versenyre, ahol minden fokozat az SBS Viceland \u00e9s az SBS&#8230; <\/p>\n<div class=\"clear\"><\/div>\n<p><a href=\"https:\/\/miamistudios.gr\/studios\/a-gc-vegso-allasa-a-2023-as-vuelta-a-espanan\/\" class=\"excerpt-read-more\">Continue Reading<i class=\"fa fa-long-arrow-right icon-long-arrow-right\"><\/i><\/a><\/p>\n","protected":false},"author":1,"featured_media":0,"comment_status":"closed","ping_status":"closed","sticky":false,"template":"","format":"standard","meta":{"footnotes":""},"categories":[1],"tags":[],"class_list":["post-105833","post","type-post","status-publish","format-standard","hentry","category-1"],"_links":{"self":[{"href":"https:\/\/miamistudios.gr\/studios\/wp-json\/wp\/v2\/posts\/105833","targetHints":{"allow":["GET"]}}],"collection":[{"href":"https:\/\/miamistudios.gr\/studios\/wp-json\/wp\/v2\/posts"}],"about":[{"href":"https:\/\/miamistudios.gr\/studios\/wp-json\/wp\/v2\/types\/post"}],"author":[{"embeddable":true,"href":"https:\/\/miamistudios.gr\/studios\/wp-json\/wp\/v2\/users\/1"}],"replies":[{"embeddable":true,"href":"https:\/\/miamistudios.gr\/studios\/wp-json\/wp\/v2\/comments?post=105833"}],"version-history":[{"count":1,"href":"https:\/\/miamistudios.gr\/studios\/wp-json\/wp\/v2\/posts\/105833\/revisions"}],"predecessor-version":[{"id":105834,"href":"https:\/\/miamistudios.gr\/studios\/wp-json\/wp\/v2\/posts\/105833\/revisions\/105834"}],"wp:attachment":[{"href":"https:\/\/miamistudios.gr\/studios\/wp-json\/wp\/v2\/media?parent=105833"}],"wp:term":[{"taxonomy":"category","embeddable":true,"href":"https:\/\/miamistudios.gr\/studios\/wp-json\/wp\/v2\/categories?post=105833"},{"taxonomy":"post_tag","embeddable":true,"href":"https:\/\/miamistudios.gr\/studios\/wp-json\/wp\/v2\/tags?post=105833"}],"curies":[{"name":"wp","href":"https:\/\/api.w.org\/{rel}","templated":true}]}}